{"id":1673,"date":"2024-11-16T12:23:34","date_gmt":"2024-11-16T10:23:34","guid":{"rendered":"https:\/\/graziskiugimnazija.lt\/?p=1673"},"modified":"2024-11-19T21:34:48","modified_gmt":"2024-11-19T19:34:48","slug":"toelrancijos-dienai-sukureme-bendra-tolerancijos-vejo-gusi","status":"publish","type":"post","link":"https:\/\/graziskiugimnazija.lt\/?p=1673","title":{"rendered":"Tolerancijos dienai &#8211; suk\u016br\u0117me bendr\u0105 \u201eTolerancijos v\u0117jo g\u016bs\u012f\u201c"},"content":{"rendered":"\n<p>Lapkri\u010dio 16-oji yra minima daugelyje demokratini\u0173 valstybi\u0173 nuo 1995 m., kai UNESCO \u0161i\u0105 dien\u0105 paskelb\u0117 Tarptautine tolerancijos diena.<\/p>\n\n\n\n<p>Su \u201ePermain\u0173 v\u0117jo\u201c iniciatyva kviet\u0117me min\u0117ti tarptautin\u0119 Tolerancijos dien\u0105 m\u016bs\u0173 gimnazijoje.<\/p>\n\n\n\n<p>Kod\u0117l kasmet gr\u012f\u017etame prie tolerancijos temos? Tod\u0117l, kad tolerancijos reikia mokytis vis\u0105 gyvenim\u0105, nes Tolerancija \u2013 tai kaip plyta, i\u0161 kuri\u0173 statomas brangiausias ir vienas svarbiausi\u0173 statini\u0173 \u017dem\u0117je \u2013 \u017emogaus asmenyb\u0117.<\/p>\n\n\n\n<p>Tod\u0117l art\u0117jant Tarptautinei Tolerancijos dienai, kiekviena klas\u0117 klasi\u0173 valand\u0117li\u0173 metu kalb\u0117jo apie tolerancij\u0105, jos reik\u0161m\u0119 ir svarb\u0105, atlikin\u0117jo u\u017eduotis, rung\u0117si protm\u016b\u0161iuose.<\/p>\n\n\n\n<p>\u0160i\u0173 met\u0173 Tolerancijos dienos pavadinimas \u2013 PERMAIN\u0172 V\u0116JAS, kur\u012f simbolizuoja \u201ev\u0117jo mal\u016bn\u0117liai\u201c. Tod\u0117l visi mokiniai gamino v\u0117jo mal\u016bn\u0117lius, simbolizuojan\u010diais permainas \u017emoni\u0173 s\u0105mon\u0117je, kartose, visuomen\u0117je ir gimnazijos foj\u0117 sukur\u0117 bendr\u0105 \u201eTolerancijos v\u0117jo g\u016bs\u012f\u201c.&nbsp;<\/p>\n\n\n\n<p>Tik toleranti\u0161kas \u017emogus gali b\u016bti atviras pozityvioms permainoms.<\/p>\n\n\n\n<figure class=\"wp-block-image size-large\"><img loading=\"lazy\" decoding=\"async\" width=\"1024\" height=\"771\" src=\"https:\/\/graziskiugimnazija.lt\/wp-content\/uploads\/2024\/11\/1731670751870-1024x771.jpg\" alt=\"\" class=\"wp-image-1674\" srcset=\"https:\/\/graziskiugimnazija.lt\/wp-content\/uploads\/2024\/11\/1731670751870-1024x771.jpg 1024w, https:\/\/graziskiugimnazija.lt\/wp-content\/uploads\/2024\/11\/1731670751870-300x226.jpg 300w, https:\/\/graziskiugimnazija.lt\/wp-content\/uploads\/2024\/11\/1731670751870-768x578.jpg 768w, https:\/\/graziskiugimnazija.lt\/wp-content\/uploads\/2024\/11\/1731670751870-1536x1157.jpg 1536w, https:\/\/graziskiugimnazija.lt\/wp-content\/uploads\/2024\/11\/1731670751870-2048x1542.jpg 2048w\" sizes=\"auto, (max-width: 1024px) 100vw, 1024px\" \/><\/figure>\n\n\n\n<p>Daugiau akimirk\u0173 rasite gimnazijos facebook puslapyje <a href=\"https:\/\/www.facebook.com\/GGTV.LT\">GGTV<\/a><\/p>\n\n\n\n<p class=\"has-text-align-right\">Socialin\u0117 pedagog\u0117 Romena Balsien\u0117<\/p>\n\n\n\n<p><\/p>\n","protected":false},"excerpt":{"rendered":"<p>Lapkri\u010dio 16-oji yra minima daugelyje demokratini\u0173 valstybi\u0173 nuo 1995 m., kai UNESCO \u0161i\u0105 dien\u0105 paskelb\u0117 Tarptautine tolerancijos diena. Su \u201ePermain\u0173 v\u0117jo\u201c iniciatyva kviet\u0117me min\u0117ti tarptautin\u0119<a class=\"moretag\" href=\"https:\/\/graziskiugimnazija.lt\/?p=1673\"> [&#8230;] Skaityti<\/a><\/p>\n","protected":false},"author":1,"featured_media":1674,"comment_status":"open","ping_status":"open","sticky":false,"template":"","format":"standard","meta":{"om_disable_all_campaigns":false,"_monsterinsights_skip_tracking":false,"_monsterinsights_sitenote_active":false,"_monsterinsights_sitenote_note":"","_monsterinsights_sitenote_category":0,"ngg_post_thumbnail":0,"footnotes":""},"categories":[1],"tags":[],"class_list":["post-1673","post","type-post","status-publish","format-standard","has-post-thumbnail","hentry","category-blog"],"_links":{"self":[{"href":"https:\/\/graziskiugimnazija.lt\/index.php?rest_route=\/wp\/v2\/posts\/1673","targetHints":{"allow":["GET"]}}],"collection":[{"href":"https:\/\/graziskiugimnazija.lt\/index.php?rest_route=\/wp\/v2\/posts"}],"about":[{"href":"https:\/\/graziskiugimnazija.lt\/index.php?rest_route=\/wp\/v2\/types\/post"}],"author":[{"embeddable":true,"href":"https:\/\/graziskiugimnazija.lt\/index.php?rest_route=\/wp\/v2\/users\/1"}],"replies":[{"embeddable":true,"href":"https:\/\/graziskiugimnazija.lt\/index.php?rest_route=%2Fwp%2Fv2%2Fcomments&post=1673"}],"version-history":[{"count":5,"href":"https:\/\/graziskiugimnazija.lt\/index.php?rest_route=\/wp\/v2\/posts\/1673\/revisions"}],"predecessor-version":[{"id":1693,"href":"https:\/\/graziskiugimnazija.lt\/index.php?rest_route=\/wp\/v2\/posts\/1673\/revisions\/1693"}],"wp:featuredmedia":[{"embeddable":true,"href":"https:\/\/graziskiugimnazija.lt\/index.php?rest_route=\/wp\/v2\/media\/1674"}],"wp:attachment":[{"href":"https:\/\/graziskiugimnazija.lt\/index.php?rest_route=%2Fwp%2Fv2%2Fmedia&parent=1673"}],"wp:term":[{"taxonomy":"category","embeddable":true,"href":"https:\/\/graziskiugimnazija.lt\/index.php?rest_route=%2Fwp%2Fv2%2Fcategories&post=1673"},{"taxonomy":"post_tag","embeddable":true,"href":"https:\/\/graziskiugimnazija.lt\/index.php?rest_route=%2Fwp%2Fv2%2Ftags&post=1673"}],"curies":[{"name":"wp","href":"https:\/\/api.w.org\/{rel}","templated":true}]}}